{"id":466,"date":"2025-02-25T17:36:49","date_gmt":"2025-02-25T15:36:49","guid":{"rendered":"https:\/\/sknh.us.edu.pl\/?p=466"},"modified":"2025-10-19T15:17:58","modified_gmt":"2025-10-19T13:17:58","slug":"sekcja-xix-wieku-zainicjowala-cykl-ciekawostek-pt-rentgen-historyka","status":"publish","type":"post","link":"https:\/\/sknh.us.edu.pl\/index.php\/2025\/02\/25\/sekcja-xix-wieku-zainicjowala-cykl-ciekawostek-pt-rentgen-historyka\/","title":{"rendered":"Sekcja XIX wieku zainicjowa\u0142a cykl ciekawostek pt. &#8220;Rentgen Historyka&#8221;"},"content":{"rendered":"<p>Szanowni Pa\u0144stwo, ruszamy z nowym cyklem ciekawostek z okresu XIX wieku. Pierwsz\u0105 autork\u0105 jest przewodnicz\u0105ca sekcji &#8211; Kaja Apanowicz, studentka historii I roku studi\u00f3w II stopnia.<\/p>\n<p>Zach\u0119camy do zapoznania si\u0119 z abstraktem:<\/p>\n<p><strong>Egzekucja Ludwika XVI w \u015bwietle relacji \u201eGazety Warszawskiej\u201d<\/strong><\/p>\n<p>\u015amier\u0107 kr\u00f3la Francji Ludwika XVI niew\u0105tpliwie by\u0142a wydarzeniem prze\u0142omowym w dziejach<br \/>\nwielkiej rewolucji francuskiej. Rozpoczynaj\u0105c cykl ciekawostek historycznych Sekcji XIX wieku<br \/>\nw Studenckim Kole Naukowym Historyko w Uniwersytetu \u015al\u0105skiego, pt. Rentgen Historyka, pragn\u0119<br \/>\nprzybli\u017cy\u0107 ostatnie dni \u017cycia monarchy, opieraj\u0105c si\u0119 na relacji jednego z najbardziej opiniotw\u00f3rczych<br \/>\ntytu\u0142\u00f3w prasowych, jakim by\u0142a \u201eGazeta Warszawska\u201d.<\/p>\n<p>Ca\u0142o\u015b\u0107 dost\u0119pna jest pod linkiem poni\u017cej:<\/p>\n<p><a href=\"https:\/\/sknh.us.edu.pl\/wp-content\/uploads\/2025\/02\/Ciekawostki-historyczne-24.02.pdf\"><img loading=\"lazy\" decoding=\"async\" class=\" wp-image-486 alignnone\" src=\"https:\/\/sknh.us.edu.pl\/wp-content\/uploads\/2025\/02\/PDF_file_icon-243x300.png\" alt=\"\" width=\"15\" height=\"19\" srcset=\"https:\/\/sknh.us.edu.pl\/wp-content\/uploads\/2025\/02\/PDF_file_icon-243x300.png 243w, https:\/\/sknh.us.edu.pl\/wp-content\/uploads\/2025\/02\/PDF_file_icon.png 267w\" sizes=\"auto, (max-width: 15px) 100vw, 15px\" \/><\/a><a href=\"https:\/\/sknh.us.edu.pl\/wp-content\/uploads\/2025\/02\/Ciekawostki-historyczne-24.02.pdf\">Egzekucja Ludwika XVI w \u015bwietle relacji \u201eGazety Warszawskiej\u201d<\/a>\u00a0 \u00a0 (214kb)<\/p>\n","protected":false},"excerpt":{"rendered":"<p>Szanowni Pa\u0144stwo, ruszamy z nowym cyklem ciekawostek z okresu XIX wieku. Pierwsz\u0105 autork\u0105 jest przewodnicz\u0105ca sekcji &#8211; Kaja Apanowicz, studentka historii I roku studi\u00f3w II stopnia. Zach\u0119camy do zapoznania si\u0119 z abstraktem: Egzekucja Ludwika XVI w \u015bwietle relacji \u201eGazety Warszawskiej\u201d \u015amier\u0107 kr\u00f3la Francji Ludwika XVI niew\u0105tpliwie by\u0142a wydarzeniem prze\u0142omowym w dziejach wielkiej rewolucji francuskiej. Rozpoczynaj\u0105c&hellip;&nbsp;<a href=\"https:\/\/sknh.us.edu.pl\/index.php\/2025\/02\/25\/sekcja-xix-wieku-zainicjowala-cykl-ciekawostek-pt-rentgen-historyka\/\" rel=\"bookmark\">Dowiedz si\u0119 wi\u0119cej &raquo;<span class=\"screen-reader-text\">Sekcja XIX wieku zainicjowa\u0142a cykl ciekawostek pt. &#8220;Rentgen Historyka&#8221;<\/span><\/a><\/p>\n","protected":false},"author":1,"featured_media":469,"comment_status":"open","ping_status":"open","sticky":false,"template":"","format":"standard","meta":{"neve_meta_sidebar":"","neve_meta_container":"","neve_meta_enable_content_width":"off","neve_meta_content_width":70,"neve_meta_title_alignment":"","neve_meta_author_avatar":"","neve_post_elements_order":"","neve_meta_disable_header":"","neve_meta_disable_footer":"","neve_meta_disable_title":"","_jetpack_memberships_contains_paid_content":false,"footnotes":""},"categories":[21],"tags":[20],"class_list":["post-466","post","type-post","status-publish","format-standard","has-post-thumbnail","hentry","category-rentgen-historyka","tag-rentgen-historyka"],"jetpack_featured_media_url":"https:\/\/sknh.us.edu.pl\/wp-content\/uploads\/2025\/02\/55f4b5e3-632b-4e7a-9193-7d9a16165ae8.jpg","jetpack_sharing_enabled":true,"_links":{"self":[{"href":"https:\/\/sknh.us.edu.pl\/index.php\/wp-json\/wp\/v2\/posts\/466","targetHints":{"allow":["GET"]}}],"collection":[{"href":"https:\/\/sknh.us.edu.pl\/index.php\/wp-json\/wp\/v2\/posts"}],"about":[{"href":"https:\/\/sknh.us.edu.pl\/index.php\/wp-json\/wp\/v2\/types\/post"}],"author":[{"embeddable":true,"href":"https:\/\/sknh.us.edu.pl\/index.php\/wp-json\/wp\/v2\/users\/1"}],"replies":[{"embeddable":true,"href":"https:\/\/sknh.us.edu.pl\/index.php\/wp-json\/wp\/v2\/comments?post=466"}],"version-history":[{"count":5,"href":"https:\/\/sknh.us.edu.pl\/index.php\/wp-json\/wp\/v2\/posts\/466\/revisions"}],"predecessor-version":[{"id":491,"href":"https:\/\/sknh.us.edu.pl\/index.php\/wp-json\/wp\/v2\/posts\/466\/revisions\/491"}],"wp:featuredmedia":[{"embeddable":true,"href":"https:\/\/sknh.us.edu.pl\/index.php\/wp-json\/wp\/v2\/media\/469"}],"wp:attachment":[{"href":"https:\/\/sknh.us.edu.pl\/index.php\/wp-json\/wp\/v2\/media?parent=466"}],"wp:term":[{"taxonomy":"category","embeddable":true,"href":"https:\/\/sknh.us.edu.pl\/index.php\/wp-json\/wp\/v2\/categories?post=466"},{"taxonomy":"post_tag","embeddable":true,"href":"https:\/\/sknh.us.edu.pl\/index.php\/wp-json\/wp\/v2\/tags?post=466"}],"curies":[{"name":"wp","href":"https:\/\/api.w.org\/{rel}","templated":true}]}}